{"id":21080,"date":"2020-12-09T22:40:05","date_gmt":"2020-12-09T21:40:05","guid":{"rendered":"http:\/\/192.168.1.104\/enfold-photography\/?p=239"},"modified":"2020-12-09T23:22:57","modified_gmt":"2020-12-09T22:22:57","slug":"a-really-simple-entry","status":"publish","type":"post","link":"https:\/\/www.eliskases.at\/?p=21080","title":{"rendered":"Test Nisi Filter f\u00fcr Nikon Z 14-24\/2.8S"},"content":{"rendered":"<h2><strong>Das Nisi Filtersystem f\u00fcr das Nikon Z 14-24\/2.8 S im Test<\/strong><\/h2>\n\n\n<p>Vor meinem Umstieg auf das Nikon Z System hatte ich das legend\u00e4re AF-S 14-24 1:2,8G ED Objektiv im Einsatz. Qualitativ war das Objektiv ein Traum; leider aber schwer und durch die gew\u00f6lbte Frontlinse kombiniert mit einer fix verbauten Streulichtblende funktionierten nur 150mm Filtersysteme. Ich probierte zuerst die 1. Generation des Haida Filtersystems f\u00fcr das AF-S 14-24 und entschied mich dann f\u00fcr das Lee SW-150 Mark II. Die Handhabung eines 150mm Filtersystems ist aber oft eine wahre Herausforderung. Vor allem bei schlechtem Wetter. Die Verlaufsfilter sind schlie\u00dflich 150x170mm gro\u00df und bieten somit eine ziemlich gro\u00dfe Angriffsfl\u00e4che f\u00fcr Wind und Regen. So bin ich im Zuge des Systemwechsels zum Nikon Z System auf das Nisi 100mm V6 Filtersystem gewechselt und bin begeistert. Das kleinere, 100mm System ist deutlich einfacher in der Handhabung und die Nisi-Filter sind der Hammer. Merklich farbneutraler als die original Lee-Filter! Urspr\u00fcnglich war die Kaufentscheidung zu Gunsten des Nikon Z 14-30\/4 S durch die M\u00f6glichkeit 100mm Filter einzusetzen quasi fix, aber dann stellte Nisi einen 100mm Halter f\u00fcr das lichtstarke Z 14-24\/2.8S in Aussicht. Das Pendant zur F-Mount Version verzichtet auf die massiv gew\u00f6lbte Frontlinse und damit hat Nisi es geschafft, das bew\u00e4hrte 100mm System f\u00fcr das Nikon Z 14-24\/2.8S zu adaptieren. Ob das gelungen ist, soll der folgende Test zeigen. Die Fotos sind \u00fcbrigens Handyfotos und verzichten daher auf einen gewissen &#8222;Qualit\u00e4tsstandard&#8220; ;-).<\/p>\n\n\n\n<h4 class=\"wp-block-heading\">1. Lieferumfang<\/h4>\n\n\n\n<p>Das System besteht aus einem Adapterring und einem neuen Filterhalter, welcher sich vom V6 Halter etwas unterscheidet. Die Tasche ist nicht im Lieferumfang enthalten, sondern war Teil meines V6 Startersets.<\/p>\n\n\n\n<figure class=\"wp-block-image size-large\"><img loading=\"lazy\" decoding=\"async\" width=\"1030\" height=\"773\" src=\"http:\/\/www.eliskases.at\/wp-content\/uploads\/2020\/12\/Gesamt-1030x773.jpg\" alt=\"\" class=\"wp-image-21135\" srcset=\"https:\/\/www.eliskases.at\/wp-content\/uploads\/2020\/12\/Gesamt-1030x773.jpg 1030w, https:\/\/www.eliskases.at\/wp-content\/uploads\/2020\/12\/Gesamt-300x225.jpg 300w, https:\/\/www.eliskases.at\/wp-content\/uploads\/2020\/12\/Gesamt-768x576.jpg 768w, https:\/\/www.eliskases.at\/wp-content\/uploads\/2020\/12\/Gesamt-1536x1152.jpg 1536w, https:\/\/www.eliskases.at\/wp-content\/uploads\/2020\/12\/Gesamt-2048x1536.jpg 2048w, https:\/\/www.eliskases.at\/wp-content\/uploads\/2020\/12\/Gesamt-1500x1125.jpg 1500w, https:\/\/www.eliskases.at\/wp-content\/uploads\/2020\/12\/Gesamt-705x529.jpg 705w\" sizes=\"(max-width: 1030px) 100vw, 1030px\" \/><figcaption>Adapter und Filterhalter<\/figcaption><\/figure>\n\n\n\n<h4 class=\"wp-block-heading\">2. Montage<\/h4>\n\n\n\n<p>Die Montage am Objektiv ist denkbar einfach. Man schraubt den Adapter einfach in das Bajonett der Streulichtblende! Auf Gegenst\u00fccke, welche den Adapter von hinten fixieren, konnte g\u00e4nzlich verzichtet werden.<\/p>\n\n\n\n<div class=\"wp-block-columns is-layout-flex wp-container-core-columns-layout-1 wp-block-columns-is-layout-flex\">\n<div class=\"wp-block-column is-layout-flow wp-block-column-is-layout-flow\">\n<figure class=\"wp-block-image size-large\"><img loading=\"lazy\" decoding=\"async\" width=\"1030\" height=\"773\" src=\"http:\/\/www.eliskases.at\/wp-content\/uploads\/2020\/12\/20201208_092956-1030x773.jpg\" alt=\"\" class=\"wp-image-21136\" srcset=\"https:\/\/www.eliskases.at\/wp-content\/uploads\/2020\/12\/20201208_092956-1030x773.jpg 1030w, https:\/\/www.eliskases.at\/wp-content\/uploads\/2020\/12\/20201208_092956-300x225.jpg 300w, https:\/\/www.eliskases.at\/wp-content\/uploads\/2020\/12\/20201208_092956-768x576.jpg 768w, https:\/\/www.eliskases.at\/wp-content\/uploads\/2020\/12\/20201208_092956-1536x1152.jpg 1536w, https:\/\/www.eliskases.at\/wp-content\/uploads\/2020\/12\/20201208_092956-2048x1536.jpg 2048w, https:\/\/www.eliskases.at\/wp-content\/uploads\/2020\/12\/20201208_092956-1500x1125.jpg 1500w, https:\/\/www.eliskases.at\/wp-content\/uploads\/2020\/12\/20201208_092956-705x529.jpg 705w\" sizes=\"(max-width: 1030px) 100vw, 1030px\" \/><figcaption>1. Streulichtblende abnehmen<\/figcaption><\/figure>\n\n\n\n<figure class=\"wp-block-image size-large\"><img loading=\"lazy\" decoding=\"async\" width=\"1030\" height=\"773\" src=\"http:\/\/www.eliskases.at\/wp-content\/uploads\/2020\/12\/20201208_093101-1030x773.jpg\" alt=\"\" class=\"wp-image-21138\" srcset=\"https:\/\/www.eliskases.at\/wp-content\/uploads\/2020\/12\/20201208_093101-1030x773.jpg 1030w, https:\/\/www.eliskases.at\/wp-content\/uploads\/2020\/12\/20201208_093101-300x225.jpg 300w, https:\/\/www.eliskases.at\/wp-content\/uploads\/2020\/12\/20201208_093101-768x576.jpg 768w, https:\/\/www.eliskases.at\/wp-content\/uploads\/2020\/12\/20201208_093101-1536x1152.jpg 1536w, https:\/\/www.eliskases.at\/wp-content\/uploads\/2020\/12\/20201208_093101-2048x1536.jpg 2048w, https:\/\/www.eliskases.at\/wp-content\/uploads\/2020\/12\/20201208_093101-1500x1125.jpg 1500w, https:\/\/www.eliskases.at\/wp-content\/uploads\/2020\/12\/20201208_093101-705x529.jpg 705w\" sizes=\"(max-width: 1030px) 100vw, 1030px\" \/><figcaption>3. Ins Bajonett schrauben<\/figcaption><\/figure>\n\n\n\n<figure class=\"wp-block-image size-large\"><img loading=\"lazy\" decoding=\"async\" width=\"1030\" height=\"773\" src=\"http:\/\/www.eliskases.at\/wp-content\/uploads\/2020\/12\/20201208_093236-1030x773.jpg\" alt=\"\" class=\"wp-image-21140\" srcset=\"https:\/\/www.eliskases.at\/wp-content\/uploads\/2020\/12\/20201208_093236-1030x773.jpg 1030w, https:\/\/www.eliskases.at\/wp-content\/uploads\/2020\/12\/20201208_093236-300x225.jpg 300w, https:\/\/www.eliskases.at\/wp-content\/uploads\/2020\/12\/20201208_093236-768x576.jpg 768w, https:\/\/www.eliskases.at\/wp-content\/uploads\/2020\/12\/20201208_093236-1536x1152.jpg 1536w, https:\/\/www.eliskases.at\/wp-content\/uploads\/2020\/12\/20201208_093236-2048x1536.jpg 2048w, https:\/\/www.eliskases.at\/wp-content\/uploads\/2020\/12\/20201208_093236-1500x1125.jpg 1500w, https:\/\/www.eliskases.at\/wp-content\/uploads\/2020\/12\/20201208_093236-705x529.jpg 705w\" sizes=\"(max-width: 1030px) 100vw, 1030px\" \/><figcaption>5. Filterhalter aufsetzen<\/figcaption><\/figure>\n\n\n\n<figure class=\"wp-block-image size-large is-resized\"><img loading=\"lazy\" decoding=\"async\" src=\"http:\/\/www.eliskases.at\/wp-content\/uploads\/2020\/12\/20201208_093330-1-773x1030.jpg\" alt=\"\" class=\"wp-image-21144\" width=\"519\" height=\"691\" srcset=\"https:\/\/www.eliskases.at\/wp-content\/uploads\/2020\/12\/20201208_093330-1-773x1030.jpg 773w, https:\/\/www.eliskases.at\/wp-content\/uploads\/2020\/12\/20201208_093330-1-225x300.jpg 225w, https:\/\/www.eliskases.at\/wp-content\/uploads\/2020\/12\/20201208_093330-1-768x1024.jpg 768w, https:\/\/www.eliskases.at\/wp-content\/uploads\/2020\/12\/20201208_093330-1-1152x1536.jpg 1152w, https:\/\/www.eliskases.at\/wp-content\/uploads\/2020\/12\/20201208_093330-1-1536x2048.jpg 1536w, https:\/\/www.eliskases.at\/wp-content\/uploads\/2020\/12\/20201208_093330-1-1125x1500.jpg 1125w, https:\/\/www.eliskases.at\/wp-content\/uploads\/2020\/12\/20201208_093330-1-529x705.jpg 529w, https:\/\/www.eliskases.at\/wp-content\/uploads\/2020\/12\/20201208_093330-1-scaled.jpg 1920w\" sizes=\"(max-width: 519px) 100vw, 519px\" \/><figcaption>Passt perfekt!<\/figcaption><\/figure>\n<\/div>\n\n\n\n<div class=\"wp-block-column is-layout-flow wp-block-column-is-layout-flow\">\n<figure class=\"wp-block-image size-large\"><img loading=\"lazy\" decoding=\"async\" width=\"773\" height=\"1030\" src=\"http:\/\/www.eliskases.at\/wp-content\/uploads\/2020\/12\/20201208_093031-773x1030.jpg\" alt=\"\" class=\"wp-image-21137\" srcset=\"https:\/\/www.eliskases.at\/wp-content\/uploads\/2020\/12\/20201208_093031-773x1030.jpg 773w, https:\/\/www.eliskases.at\/wp-content\/uploads\/2020\/12\/20201208_093031-225x300.jpg 225w, https:\/\/www.eliskases.at\/wp-content\/uploads\/2020\/12\/20201208_093031-768x1024.jpg 768w, https:\/\/www.eliskases.at\/wp-content\/uploads\/2020\/12\/20201208_093031-1152x1536.jpg 1152w, https:\/\/www.eliskases.at\/wp-content\/uploads\/2020\/12\/20201208_093031-1536x2048.jpg 1536w, https:\/\/www.eliskases.at\/wp-content\/uploads\/2020\/12\/20201208_093031-1125x1500.jpg 1125w, https:\/\/www.eliskases.at\/wp-content\/uploads\/2020\/12\/20201208_093031-529x705.jpg 529w, https:\/\/www.eliskases.at\/wp-content\/uploads\/2020\/12\/20201208_093031-scaled.jpg 1920w\" sizes=\"(max-width: 773px) 100vw, 773px\" \/><figcaption>2. Adapterring aufsetzen<\/figcaption><\/figure>\n\n\n\n<figure class=\"wp-block-image size-large\"><img loading=\"lazy\" decoding=\"async\" width=\"1030\" height=\"773\" src=\"http:\/\/www.eliskases.at\/wp-content\/uploads\/2020\/12\/20201208_093150-1030x773.jpg\" alt=\"\" class=\"wp-image-21139\" srcset=\"https:\/\/www.eliskases.at\/wp-content\/uploads\/2020\/12\/20201208_093150-1030x773.jpg 1030w, https:\/\/www.eliskases.at\/wp-content\/uploads\/2020\/12\/20201208_093150-300x225.jpg 300w, https:\/\/www.eliskases.at\/wp-content\/uploads\/2020\/12\/20201208_093150-768x576.jpg 768w, https:\/\/www.eliskases.at\/wp-content\/uploads\/2020\/12\/20201208_093150-1536x1152.jpg 1536w, https:\/\/www.eliskases.at\/wp-content\/uploads\/2020\/12\/20201208_093150-2048x1536.jpg 2048w, https:\/\/www.eliskases.at\/wp-content\/uploads\/2020\/12\/20201208_093150-1500x1125.jpg 1500w, https:\/\/www.eliskases.at\/wp-content\/uploads\/2020\/12\/20201208_093150-705x529.jpg 705w\" sizes=\"(max-width: 1030px) 100vw, 1030px\" \/><figcaption>4. Fixieren<\/figcaption><\/figure>\n\n\n\n<figure class=\"wp-block-image size-large\"><img loading=\"lazy\" decoding=\"async\" width=\"1030\" height=\"920\" src=\"http:\/\/www.eliskases.at\/wp-content\/uploads\/2020\/12\/20201208_094636-1-1030x920.jpg\" alt=\"\" class=\"wp-image-21142\" srcset=\"https:\/\/www.eliskases.at\/wp-content\/uploads\/2020\/12\/20201208_094636-1-1030x920.jpg 1030w, https:\/\/www.eliskases.at\/wp-content\/uploads\/2020\/12\/20201208_094636-1-300x268.jpg 300w, https:\/\/www.eliskases.at\/wp-content\/uploads\/2020\/12\/20201208_094636-1-768x686.jpg 768w, https:\/\/www.eliskases.at\/wp-content\/uploads\/2020\/12\/20201208_094636-1-1536x1371.jpg 1536w, https:\/\/www.eliskases.at\/wp-content\/uploads\/2020\/12\/20201208_094636-1-2048x1829.jpg 2048w, https:\/\/www.eliskases.at\/wp-content\/uploads\/2020\/12\/20201208_094636-1-1500x1339.jpg 1500w, https:\/\/www.eliskases.at\/wp-content\/uploads\/2020\/12\/20201208_094636-1-705x629.jpg 705w\" sizes=\"(max-width: 1030px) 100vw, 1030px\" \/><figcaption>6. Fertig<\/figcaption><\/figure>\n<\/div>\n<\/div>\n\n\n\n<p>Sogar der Objektivdeckel kann bei aufgesetztem Filterhalter weiterhin verwendet werden. Der l\u00e4stige Neopren\u00fcberzug, welcher f\u00fcr das 150er System von Lee sinnvoll war, kann g\u00e4nzlich entfallen.<\/p>\n\n\n\n<div class=\"wp-block-image\"><figure class=\"aligncenter size-large is-resized\"><img loading=\"lazy\" decoding=\"async\" src=\"http:\/\/www.eliskases.at\/wp-content\/uploads\/2020\/12\/20201208_094707-773x1030.jpg\" alt=\"\" class=\"wp-image-21145\" width=\"604\" height=\"805\" srcset=\"https:\/\/www.eliskases.at\/wp-content\/uploads\/2020\/12\/20201208_094707-773x1030.jpg 773w, https:\/\/www.eliskases.at\/wp-content\/uploads\/2020\/12\/20201208_094707-225x300.jpg 225w, https:\/\/www.eliskases.at\/wp-content\/uploads\/2020\/12\/20201208_094707-768x1024.jpg 768w, https:\/\/www.eliskases.at\/wp-content\/uploads\/2020\/12\/20201208_094707-1152x1536.jpg 1152w, https:\/\/www.eliskases.at\/wp-content\/uploads\/2020\/12\/20201208_094707-1536x2048.jpg 1536w, https:\/\/www.eliskases.at\/wp-content\/uploads\/2020\/12\/20201208_094707-1125x1500.jpg 1125w, https:\/\/www.eliskases.at\/wp-content\/uploads\/2020\/12\/20201208_094707-529x705.jpg 529w, https:\/\/www.eliskases.at\/wp-content\/uploads\/2020\/12\/20201208_094707-scaled.jpg 1920w\" sizes=\"(max-width: 604px) 100vw, 604px\" \/><figcaption>Der Original-Objektivdeckel passt selbst bei montiertem Filterhalter<\/figcaption><\/figure><\/div>\n\n\n\n<h4 class=\"wp-block-heading\">3. Handhabung und Verarbeitung<\/h4>\n\n\n\n<p>Die Verarbeitungsqualit\u00e4t ist wie von Nisi gewohnt sehr gut. Der Halter und Adapter sind \u00e4u\u00dferst pr\u00e4zise aus Aluminium gefertigt und sind zu 100% passgenau. Der Filterhalter l\u00e4sst sich auch die vollen 360 Grad drehen und erm\u00f6glicht so einen einfachen Einsatz von Rechteck-Polfiltern. Einziger Kritikpunkt: Die L\u00f6sung mit der kleinen Schraube zur Fixierung des Adapters am Objektiv gef\u00e4llt mir nicht so gut. Die Schraube ist konstruktionsbedingt sehr d\u00fcnn.<\/p>\n\n\n\n<div class=\"wp-block-image\"><figure class=\"aligncenter size-large is-resized\"><img loading=\"lazy\" decoding=\"async\" src=\"http:\/\/www.eliskases.at\/wp-content\/uploads\/2020\/12\/20201208_155805-773x1030.jpg\" alt=\"\" class=\"wp-image-21146\" width=\"473\" height=\"630\" srcset=\"https:\/\/www.eliskases.at\/wp-content\/uploads\/2020\/12\/20201208_155805-773x1030.jpg 773w, https:\/\/www.eliskases.at\/wp-content\/uploads\/2020\/12\/20201208_155805-225x300.jpg 225w, https:\/\/www.eliskases.at\/wp-content\/uploads\/2020\/12\/20201208_155805-768x1024.jpg 768w, https:\/\/www.eliskases.at\/wp-content\/uploads\/2020\/12\/20201208_155805-1152x1536.jpg 1152w, https:\/\/www.eliskases.at\/wp-content\/uploads\/2020\/12\/20201208_155805-1536x2048.jpg 1536w, https:\/\/www.eliskases.at\/wp-content\/uploads\/2020\/12\/20201208_155805-1125x1500.jpg 1125w, https:\/\/www.eliskases.at\/wp-content\/uploads\/2020\/12\/20201208_155805-529x705.jpg 529w, https:\/\/www.eliskases.at\/wp-content\/uploads\/2020\/12\/20201208_155805-scaled.jpg 1920w\" sizes=\"(max-width: 473px) 100vw, 473px\" \/><figcaption>Kleine Fixierschraube<\/figcaption><\/figure><\/div>\n\n\n\n<p>Schraubt man nur leicht fest, dann wackelt der Halter (schr\u00e4nkt aber die Funktionalit\u00e4t nicht ein). Schraubt man zu fest, dann l\u00e4uft man Gefahr, das Objektiv an der Au\u00dfenseite zu zerkratzen. Zugegeben: Ich bin hier recht penibel. \ud83d\ude0a Sehr gut gef\u00e4llt mir allerdings die neue Variante der Fixierung des Filterhalters. Diese ist \u2013 glaube ich \u2013 vom S6 (150mm System) \u00fcbernommen und kombiniert das Einrasten des Halters mit der Fixierm\u00f6glichkeit.<\/p>\n\n\n\n<div class=\"wp-block-columns is-layout-flex wp-container-core-columns-layout-2 wp-block-columns-is-layout-flex\">\n<div class=\"wp-block-column is-layout-flow wp-block-column-is-layout-flow\">\n<div class=\"wp-block-image\"><figure class=\"aligncenter size-large is-resized\"><img loading=\"lazy\" decoding=\"async\" src=\"http:\/\/www.eliskases.at\/wp-content\/uploads\/2020\/12\/20201208_155825-773x1030.jpg\" alt=\"\" class=\"wp-image-21147\" width=\"369\" height=\"491\" srcset=\"https:\/\/www.eliskases.at\/wp-content\/uploads\/2020\/12\/20201208_155825-773x1030.jpg 773w, https:\/\/www.eliskases.at\/wp-content\/uploads\/2020\/12\/20201208_155825-225x300.jpg 225w, https:\/\/www.eliskases.at\/wp-content\/uploads\/2020\/12\/20201208_155825-768x1024.jpg 768w, https:\/\/www.eliskases.at\/wp-content\/uploads\/2020\/12\/20201208_155825-1152x1536.jpg 1152w, https:\/\/www.eliskases.at\/wp-content\/uploads\/2020\/12\/20201208_155825-1536x2048.jpg 1536w, https:\/\/www.eliskases.at\/wp-content\/uploads\/2020\/12\/20201208_155825-1125x1500.jpg 1125w, https:\/\/www.eliskases.at\/wp-content\/uploads\/2020\/12\/20201208_155825-529x705.jpg 529w, https:\/\/www.eliskases.at\/wp-content\/uploads\/2020\/12\/20201208_155825-scaled.jpg 1920w\" sizes=\"(max-width: 369px) 100vw, 369px\" \/><figcaption>Filterhalter f\u00fcr das Z 14-24\/2.8S<\/figcaption><\/figure><\/div>\n<\/div>\n\n\n\n<div class=\"wp-block-column is-layout-flow wp-block-column-is-layout-flow\">\n<div class=\"wp-block-image\"><figure class=\"aligncenter size-large is-resized\"><img loading=\"lazy\" decoding=\"async\" src=\"http:\/\/www.eliskases.at\/wp-content\/uploads\/2020\/12\/20201208_155922-773x1030.jpg\" alt=\"\" class=\"wp-image-21148\" width=\"378\" height=\"503\" srcset=\"https:\/\/www.eliskases.at\/wp-content\/uploads\/2020\/12\/20201208_155922-773x1030.jpg 773w, https:\/\/www.eliskases.at\/wp-content\/uploads\/2020\/12\/20201208_155922-225x300.jpg 225w, https:\/\/www.eliskases.at\/wp-content\/uploads\/2020\/12\/20201208_155922-768x1024.jpg 768w, https:\/\/www.eliskases.at\/wp-content\/uploads\/2020\/12\/20201208_155922-1152x1536.jpg 1152w, https:\/\/www.eliskases.at\/wp-content\/uploads\/2020\/12\/20201208_155922-1536x2048.jpg 1536w, https:\/\/www.eliskases.at\/wp-content\/uploads\/2020\/12\/20201208_155922-1125x1500.jpg 1125w, https:\/\/www.eliskases.at\/wp-content\/uploads\/2020\/12\/20201208_155922-529x705.jpg 529w, https:\/\/www.eliskases.at\/wp-content\/uploads\/2020\/12\/20201208_155922-scaled.jpg 1920w\" sizes=\"(max-width: 378px) 100vw, 378px\" \/><figcaption>Im Vergleich dazu das System vom V6, bei dem die Fixierung mittels eigener Schraube gel\u00f6st wurde<\/figcaption><\/figure><\/div>\n<\/div>\n<\/div>\n\n\n\n<h4 class=\"wp-block-heading\">4. Einschr\u00e4nkungen<\/h4>\n\n\n\n<p>Folgende Einschr\u00e4nkungen bestehen im Vergleich zum V6 System:<\/p>\n\n\n\n<ul><li><strong>Kein Circular-Polfilter<\/strong> m\u00f6glich. Hier kann man sich nat\u00fcrlich mit der Rechteck-Variante helfen.<\/li><li>Nur <strong>zwei Filtereinsch\u00fcbe<\/strong>. Ich vermute mal, dass es sonst zu Abschattungen am Rand kommen w\u00fcrde.<\/li><\/ul>\n\n\n\n<p>Jede Einschr\u00e4nkung f\u00fcr sich empfinde ich pers\u00f6nlich nicht sonderlich tragisch, da ich wirklich nur sehr, sehr selten in die Verlegenheit von 3 Filter kommen. Die Kombination beider Einschr\u00e4nkungen kann aber schon mal vorkommen. Z.B. Polfilter + ND-Filter + Verlaufsfilter. Das hatte ich in der Vergangenheit durchaus das eine oder andere Mal. Aber naja &#8211; wof\u00fcr gibt es den Dynamikumfang einer Nikon? Dann verzichtet man halt in solchen F\u00e4llen auf den Verlaufsfilter. \ud83d\ude09 Hat mich das vom Kauf abgeschreckt? Nein. Ich kann gut damit leben.<\/p>\n\n\n\n<h4 class=\"wp-block-heading\">5. Kompatibilit\u00e4t mit V6 System<\/h4>\n\n\n\n<p>Alle 100mm Filter von Nisi (bzw. alle 100mm Rechteckfilter mit 2mm Dicke) passen nat\u00fcrlich. Beim Filterhalter verh\u00e4lt es sich etwas anders. Der neue Filterhalter vom System f\u00fcr das Z 14-24\/2.8S passt auch auf die Adapter vom V6 System. Aber nicht umgekehrt. Das hei\u00dft, der V6 Filterhalter passt nicht auf den Adapter des neuen Systems. Der Ring ist etwas breiter, jetzt kann der Schnappverschluss des V6 nicht einrasten.<\/p>\n\n\n\n<div class=\"wp-block-image\"><figure class=\"aligncenter size-large is-resized\"><img loading=\"lazy\" decoding=\"async\" src=\"http:\/\/www.eliskases.at\/wp-content\/uploads\/2020\/12\/20201208_095520-773x1030.jpg\" alt=\"\" class=\"wp-image-21149\" width=\"453\" height=\"604\" srcset=\"https:\/\/www.eliskases.at\/wp-content\/uploads\/2020\/12\/20201208_095520-773x1030.jpg 773w, https:\/\/www.eliskases.at\/wp-content\/uploads\/2020\/12\/20201208_095520-225x300.jpg 225w, https:\/\/www.eliskases.at\/wp-content\/uploads\/2020\/12\/20201208_095520-768x1024.jpg 768w, https:\/\/www.eliskases.at\/wp-content\/uploads\/2020\/12\/20201208_095520-1152x1536.jpg 1152w, https:\/\/www.eliskases.at\/wp-content\/uploads\/2020\/12\/20201208_095520-1536x2048.jpg 1536w, https:\/\/www.eliskases.at\/wp-content\/uploads\/2020\/12\/20201208_095520-1125x1500.jpg 1125w, https:\/\/www.eliskases.at\/wp-content\/uploads\/2020\/12\/20201208_095520-529x705.jpg 529w, https:\/\/www.eliskases.at\/wp-content\/uploads\/2020\/12\/20201208_095520-scaled.jpg 1920w\" sizes=\"(max-width: 453px) 100vw, 453px\" \/><figcaption>V6 Filterhalter schnappt am Adapterring vom Z 14-24\/2.8S nicht ein<\/figcaption><\/figure><\/div>\n\n\n\n<p>Umgekehrt funktioniert es. Hier der neue Filterhalter am Standard Adapter-Ring mit 82mm. Das R\u00e4dchen zum Drehen des CPL funktioniert nat\u00fcrlich auch.<\/p>\n\n\n\n<div class=\"wp-block-columns is-layout-flex wp-container-core-columns-layout-3 wp-block-columns-is-layout-flex\">\n<div class=\"wp-block-column is-layout-flow wp-block-column-is-layout-flow\">\n<figure class=\"wp-block-image size-large\"><img loading=\"lazy\" decoding=\"async\" width=\"1030\" height=\"773\" src=\"http:\/\/www.eliskases.at\/wp-content\/uploads\/2020\/12\/20201208_095837-1-1030x773.jpg\" alt=\"\" class=\"wp-image-21151\" srcset=\"https:\/\/www.eliskases.at\/wp-content\/uploads\/2020\/12\/20201208_095837-1-1030x773.jpg 1030w, https:\/\/www.eliskases.at\/wp-content\/uploads\/2020\/12\/20201208_095837-1-300x225.jpg 300w, https:\/\/www.eliskases.at\/wp-content\/uploads\/2020\/12\/20201208_095837-1-768x576.jpg 768w, https:\/\/www.eliskases.at\/wp-content\/uploads\/2020\/12\/20201208_095837-1-1536x1152.jpg 1536w, https:\/\/www.eliskases.at\/wp-content\/uploads\/2020\/12\/20201208_095837-1-2048x1536.jpg 2048w, https:\/\/www.eliskases.at\/wp-content\/uploads\/2020\/12\/20201208_095837-1-1500x1125.jpg 1500w, https:\/\/www.eliskases.at\/wp-content\/uploads\/2020\/12\/20201208_095837-1-705x529.jpg 705w\" sizes=\"(max-width: 1030px) 100vw, 1030px\" \/><figcaption>Die Fixierung rastet sch\u00f6n ein<\/figcaption><\/figure>\n<\/div>\n\n\n\n<div class=\"wp-block-column is-layout-flow wp-block-column-is-layout-flow\">\n<figure class=\"wp-block-image size-large\"><img loading=\"lazy\" decoding=\"async\" width=\"1030\" height=\"773\" src=\"http:\/\/www.eliskases.at\/wp-content\/uploads\/2020\/12\/20201208_095842-1030x773.jpg\" alt=\"\" class=\"wp-image-21152\" srcset=\"https:\/\/www.eliskases.at\/wp-content\/uploads\/2020\/12\/20201208_095842-1030x773.jpg 1030w, https:\/\/www.eliskases.at\/wp-content\/uploads\/2020\/12\/20201208_095842-300x225.jpg 300w, https:\/\/www.eliskases.at\/wp-content\/uploads\/2020\/12\/20201208_095842-768x576.jpg 768w, https:\/\/www.eliskases.at\/wp-content\/uploads\/2020\/12\/20201208_095842-1536x1152.jpg 1536w, https:\/\/www.eliskases.at\/wp-content\/uploads\/2020\/12\/20201208_095842-2048x1536.jpg 2048w, https:\/\/www.eliskases.at\/wp-content\/uploads\/2020\/12\/20201208_095842-1500x1125.jpg 1500w, https:\/\/www.eliskases.at\/wp-content\/uploads\/2020\/12\/20201208_095842-705x529.jpg 705w\" sizes=\"(max-width: 1030px) 100vw, 1030px\" \/><figcaption>Filterhalter vom Z 14-24\/2.8S am 82mm Adapterring<\/figcaption><\/figure>\n<\/div>\n<\/div>\n\n\n\n<h4 class=\"wp-block-heading\">6. Vignettierung<\/h4>\n\n\n\n<p>Nisi verspricht keine Randabschattung bei 14mm mit bis zu 2 Filtern. Im Rahmen meiner Tests kann ich das auch voll und ganz best\u00e4tigen. Da das Objektiv bei 14mm und f 2.8 eine leichte Vignette aufweist, habe ich f\u00fcr meinen Test auf f5.6 abgeblendet. Eine Vignette ist nicht feststellbar. Ok, manchmal sehe ich einen leichten Unterschied. \ud83d\ude09 Aber beurteilt selbst die Vergleichsbilder:<\/p>\n\n\n\n<div class=\"wp-block-image\"><figure class=\"aligncenter size-large\"><img loading=\"lazy\" decoding=\"async\" width=\"746\" height=\"1030\" src=\"http:\/\/www.eliskases.at\/wp-content\/uploads\/2020\/12\/VergleichMitOhne-746x1030.png\" alt=\"\" class=\"wp-image-21153\" srcset=\"https:\/\/www.eliskases.at\/wp-content\/uploads\/2020\/12\/VergleichMitOhne-746x1030.png 746w, https:\/\/www.eliskases.at\/wp-content\/uploads\/2020\/12\/VergleichMitOhne-217x300.png 217w, https:\/\/www.eliskases.at\/wp-content\/uploads\/2020\/12\/VergleichMitOhne-768x1061.png 768w, https:\/\/www.eliskases.at\/wp-content\/uploads\/2020\/12\/VergleichMitOhne-510x705.png 510w, https:\/\/www.eliskases.at\/wp-content\/uploads\/2020\/12\/VergleichMitOhne.png 800w\" sizes=\"(max-width: 746px) 100vw, 746px\" \/><figcaption>Vergleich mit und ohne montiertem Filterhalter<\/figcaption><\/figure><\/div>\n\n\n\n<h4 class=\"wp-block-heading\">7. Fazit<\/h4>\n\n\n\n<p>Ich bin mit der Kombi wirklich sehr zufrieden. Die Qualit\u00e4t vom Objektiv und dem Filter ist top und das Handling wirklich deutlich einfacher als bei 150mm Filtern. Ohne die M\u00f6glichkeit Standard 100mm Rechteckfilter am Objektiv zu verwenden, w\u00e4re es sicher das Z 14-30\/4.0S geworden, da dies mit dem Standard 82mm Adapter funktioniert. Aber so war nat\u00fcrlich das Bessere (auf das Objektiv bezogen) der Feind des Guten. Der Vollst\u00e4ndigkeit halber sei erw\u00e4hnt, dass f\u00fcr das Z 14-24\/2.8S auch Schraubfilter mit 112mm erh\u00e4ltlich sind. Da ich bereits Rechteckfilter einsetze, w\u00e4re das nat\u00fcrlich nur die 2. beste Option gewesen. Nisi bietet mittlerweile auch 112mm Schraubfilter zu deutlich g\u00fcnstigeren Preisen als die Original-Nikon Filter f\u00fcr das Objektiv an. Zum Vergleich: Der Nikon CPL Filter kostet Liste ca. 600,- der von Nisi lt. Homepage ca. 175,- (<a href=\"https:\/\/www.nisioptics.at\/produkt\/nisi-112mm-circular-filter\/\">https:\/\/www.nisioptics.at\/produkt\/nisi-112mm-circular-filter\/<\/a>).<\/p>\n\n\n\n<p>+ Standard 100mm Rechteckfilter verwendbar<\/p>\n\n\n\n<p>+ Filterhalter passt auch auf V6 Adapter<\/p>\n\n\n\n<p>+ Standard Objektivdeckel passt bei angesetztem Filterhalter<\/p>\n\n\n\n<p>+ Super Verarbeitung<\/p>\n\n\n\n<p>+ G\u00fcnstiger Preis<\/p>\n\n\n\n<p>+ Keine Vignettierung bei 14mm<\/p>\n\n\n\n<p>&#8211; Fixierung des Adapters am Objektiv ausbauf\u00e4hig<\/p>\n\n\n\n<p>&#8211; Nur 2 Filtereinsch\u00fcbe (war sicher als Kompromiss im Bereich Vignettierung notwendig) Hier noch ein Beispiel mit dem Nisi-Rechteckpolfilter, welcher einen CPL nicht vermissen l\u00e4sst. Die Bilder wurden mit identen Einstellungen aufgenommen und sind \u201eout of cam\u201c.<\/p>\n\n\n\n<div class=\"wp-block-columns is-layout-flex wp-container-core-columns-layout-4 wp-block-columns-is-layout-flex\">\n<div class=\"wp-block-column is-layout-flow wp-block-column-is-layout-flow\">\n<figure class=\"wp-block-image size-large\"><img loading=\"lazy\" decoding=\"async\" width=\"1030\" height=\"685\" src=\"http:\/\/www.eliskases.at\/wp-content\/uploads\/2020\/12\/OhnePolfilter-1030x685.jpg\" alt=\"\" class=\"wp-image-21154\" srcset=\"https:\/\/www.eliskases.at\/wp-content\/uploads\/2020\/12\/OhnePolfilter-1030x685.jpg 1030w, https:\/\/www.eliskases.at\/wp-content\/uploads\/2020\/12\/OhnePolfilter-300x200.jpg 300w, https:\/\/www.eliskases.at\/wp-content\/uploads\/2020\/12\/OhnePolfilter-768x511.jpg 768w, https:\/\/www.eliskases.at\/wp-content\/uploads\/2020\/12\/OhnePolfilter-705x469.jpg 705w, https:\/\/www.eliskases.at\/wp-content\/uploads\/2020\/12\/OhnePolfilter.jpg 1200w\" sizes=\"(max-width: 1030px) 100vw, 1030px\" \/><figcaption>Ohne Rechteck-Polfilter<\/figcaption><\/figure>\n<\/div>\n\n\n\n<div class=\"wp-block-column is-layout-flow wp-block-column-is-layout-flow\">\n<figure class=\"wp-block-image size-large\"><img loading=\"lazy\" decoding=\"async\" width=\"1030\" height=\"685\" src=\"http:\/\/www.eliskases.at\/wp-content\/uploads\/2020\/12\/MitPolfilter-1030x685.jpg\" alt=\"\" class=\"wp-image-21155\" srcset=\"https:\/\/www.eliskases.at\/wp-content\/uploads\/2020\/12\/MitPolfilter-1030x685.jpg 1030w, https:\/\/www.eliskases.at\/wp-content\/uploads\/2020\/12\/MitPolfilter-300x200.jpg 300w, https:\/\/www.eliskases.at\/wp-content\/uploads\/2020\/12\/MitPolfilter-768x511.jpg 768w, https:\/\/www.eliskases.at\/wp-content\/uploads\/2020\/12\/MitPolfilter-705x469.jpg 705w, https:\/\/www.eliskases.at\/wp-content\/uploads\/2020\/12\/MitPolfilter.jpg 1200w\" sizes=\"(max-width: 1030px) 100vw, 1030px\" \/><figcaption>Mit Rechteck-Polfilter<\/figcaption><\/figure>\n<\/div>\n<\/div>\n\n\n\n<div class=\"wp-block-columns is-layout-flex wp-container-core-columns-layout-5 wp-block-columns-is-layout-flex\">\n<div class=\"wp-block-column is-layout-flow wp-block-column-is-layout-flow\">\n<figure class=\"wp-block-video\"><video controls src=\"http:\/\/www.eliskases.at\/wp-content\/uploads\/2020\/12\/PolfilterFilm-1.mp4\"><\/video><figcaption>Funktion des Polfilters<\/figcaption><\/figure>\n<\/div>\n\n\n\n<div class=\"wp-block-column is-layout-flow wp-block-column-is-layout-flow\"><\/div>\n<\/div>\n","protected":false},"excerpt":{"rendered":"<p>Das Nisi Filtersystem f\u00fcr das Nikon Z 14-24\/2.8 S im Test Vor meinem Umstieg auf das Nikon Z System hatte ich das legend\u00e4re AF-S 14-24 1:2,8G ED Objektiv im Einsatz. Qualitativ war das Objektiv ein Traum; leider aber schwer und durch die gew\u00f6lbte Frontlinse kombiniert mit einer fix verbauten Streulichtblende funktionierten nur 150mm Filtersysteme. Ich [&hellip;]<\/p>\n","protected":false},"author":1,"featured_media":21134,"comment_status":"open","ping_status":"open","sticky":false,"template":"","format":"standard","meta":{"_acf_changed":false,"ngg_post_thumbnail":0,"footnotes":""},"categories":[23,24],"tags":[44,43,42,41,45],"acf":[],"_links":{"self":[{"href":"https:\/\/www.eliskases.at\/index.php?rest_route=\/wp\/v2\/posts\/21080"}],"collection":[{"href":"https:\/\/www.eliskases.at\/index.php?rest_route=\/wp\/v2\/posts"}],"about":[{"href":"https:\/\/www.eliskases.at\/index.php?rest_route=\/wp\/v2\/types\/post"}],"author":[{"embeddable":true,"href":"https:\/\/www.eliskases.at\/index.php?rest_route=\/wp\/v2\/users\/1"}],"replies":[{"embeddable":true,"href":"https:\/\/www.eliskases.at\/index.php?rest_route=%2Fwp%2Fv2%2Fcomments&post=21080"}],"version-history":[{"count":4,"href":"https:\/\/www.eliskases.at\/index.php?rest_route=\/wp\/v2\/posts\/21080\/revisions"}],"predecessor-version":[{"id":21206,"href":"https:\/\/www.eliskases.at\/index.php?rest_route=\/wp\/v2\/posts\/21080\/revisions\/21206"}],"wp:featuredmedia":[{"embeddable":true,"href":"https:\/\/www.eliskases.at\/index.php?rest_route=\/wp\/v2\/media\/21134"}],"wp:attachment":[{"href":"https:\/\/www.eliskases.at\/index.php?rest_route=%2Fwp%2Fv2%2Fmedia&parent=21080"}],"wp:term":[{"taxonomy":"category","embeddable":true,"href":"https:\/\/www.eliskases.at\/index.php?rest_route=%2Fwp%2Fv2%2Fcategories&post=21080"},{"taxonomy":"post_tag","embeddable":true,"href":"https:\/\/www.eliskases.at\/index.php?rest_route=%2Fwp%2Fv2%2Ftags&post=21080"}],"curies":[{"name":"wp","href":"https:\/\/api.w.org\/{rel}","templated":true}]}}